{"id":94,"date":"2024-09-26T14:58:04","date_gmt":"2024-09-26T18:58:04","guid":{"rendered":"http:\/\/www.energieboxe.ca\/?p=94"},"modified":"2024-09-26T15:04:55","modified_gmt":"2024-09-26T19:04:55","slug":"energie-boxe","status":"publish","type":"post","link":"https:\/\/www.energieboxe.ca\/index.php\/2024\/09\/26\/energie-boxe\/","title":{"rendered":"\u00c9nergie Boxe"},"content":{"rendered":"<p>[et_pb_section fb_built=\u00a0\u00bb1&Prime; _builder_version=\u00a0\u00bb4.16&Prime; global_colors_info=\u00a0\u00bb{}\u00a0\u00bb theme_builder_area=\u00a0\u00bbpost_content\u00a0\u00bb][et_pb_row _builder_version=\u00a0\u00bb4.16&Prime; background_size=\u00a0\u00bbinitial\u00a0\u00bb background_position=\u00a0\u00bbtop_left\u00a0\u00bb background_repeat=\u00a0\u00bbrepeat\u00a0\u00bb global_colors_info=\u00a0\u00bb{}\u00a0\u00bb theme_builder_area=\u00a0\u00bbpost_content\u00a0\u00bb][et_pb_column type=\u00a0\u00bb4_4&Prime; _builder_version=\u00a0\u00bb4.16&Prime; custom_padding=\u00a0\u00bb|||\u00a0\u00bb global_colors_info=\u00a0\u00bb{}\u00a0\u00bb custom_padding__hover=\u00a0\u00bb|||\u00a0\u00bb theme_builder_area=\u00a0\u00bbpost_content\u00a0\u00bb][et_pb_text _builder_version=\u00a0\u00bb4.27.0&Prime; background_size=\u00a0\u00bbinitial\u00a0\u00bb background_position=\u00a0\u00bbtop_left\u00a0\u00bb background_repeat=\u00a0\u00bbrepeat\u00a0\u00bb hover_enabled=\u00a0\u00bb0&Prime; global_colors_info=\u00a0\u00bb{}\u00a0\u00bb theme_builder_area=\u00a0\u00bbpost_content\u00a0\u00bb sticky_enabled=\u00a0\u00bb0&Prime;]<\/p>\n<p><!-- divi:paragraph -->Un bel article sur Energie Boxe dans Le Journal de L\u00e9vis ! Quelle fiert\u00e9 ! Venez vivre l\u2019exp\u00e9rience \u00c9nergie Boxe \u2026 joignez-vous \u00e0 nous pour un cours. Vous y prendrez go\u00fbt !<\/p>\n<p><!-- \/divi:paragraph --><\/p>\n<p><!-- divi:paragraph --><strong>Apr\u00e8s son d\u00e9part de L\u00e9vis il y a quatre ans de cela, le club de boxe Energybox est officiellement de retour sur le territoire L\u00e9visien depuis le mois d\u2019ao\u00fbt.<\/strong><\/p>\n<p><!-- \/divi:paragraph --><\/p>\n<p><!-- divi:paragraph -->Rappelons d\u2019embl\u00e9e qu\u2019\u00e0 pareille date en 2020, le fondateur d\u2019Energybox, Beno\u00eet Martel, avait annonc\u00e9 que le club l\u00e9visien fond\u00e9 en 2007 d\u00e9m\u00e9nageait ses p\u00e9nates sur la Rive-Nord. Effectivement, apr\u00e8s 13 ans ici, Beno\u00eet Martel s\u2019\u00e9tait associ\u00e9 au club de boxe du Colis\u00e9e de Loretteville.<\/p>\n<p><!-- \/divi:paragraph --><\/p>\n<p><!-- divi:paragraph --><strong>L\u2019offre, la demande et la r\u00e9ponse<\/strong><\/p>\n<p><!-- \/divi:paragraph --><\/p>\n<p><!-- divi:paragraph -->Voil\u00e0 finalement que ce dernier, accompagn\u00e9 de ses deux associ\u00e9s, Fran\u00e7ois Linteau et Eric Dallaire, a pris la d\u00e9cision de r\u00e9ouvrir ses portes \u00e0 L\u00e9vis. Situ\u00e9 au 2044, 3e rue \u00e0 Saint-Romuald, Energybox L\u00e9vis a officiellement lanc\u00e9 ses activit\u00e9s \u00e0 la mi-ao\u00fbt.<\/p>\n<p><!-- \/divi:paragraph --><\/p>\n<p><!-- divi:buttons --><\/p>\n<p><!-- \/divi:buttons --><\/p>\n<p>[\/et_pb_text][et_pb_button button_text=\u00a0\u00bbLire l&rsquo;article\u00a0\u00bb _builder_version=\u00a0\u00bb4.27.0&Prime; _module_preset=\u00a0\u00bbdefault\u00a0\u00bb theme_builder_area=\u00a0\u00bbpost_content\u00a0\u00bb button_url=\u00a0\u00bbhttps:\/\/www.journaldelevis.com\/jdl\/109\/Energybox_de_retour_%C3%A0_L%C3%A9vis.html?id=40280&Prime; url_new_window=\u00a0\u00bbon\u00a0\u00bb hover_enabled=\u00a0\u00bb0&Prime; sticky_enabled=\u00a0\u00bb0&Prime;][\/et_pb_button][\/et_pb_column][\/et_pb_row][\/et_pb_section]<\/p>\n","protected":false},"excerpt":{"rendered":"<p>Un bel article sur Energie Boxe dans Le Journal de L\u00e9vis ! Quelle fiert\u00e9 ! Venez vivre l\u2019exp\u00e9rience \u00c9nergie Boxe \u2026 joignez-vous \u00e0 nous pour un cours. Vous y prendrez go\u00fbt ! Apr\u00e8s son d\u00e9part de L\u00e9vis il y a quatre ans de cela, le club de boxe Energybox est officiellement de retour sur le [&hellip;]<\/p>\n","protected":false},"author":1,"featured_media":413,"comment_status":"open","ping_status":"open","sticky":false,"template":"","format":"standard","meta":{"_et_pb_use_builder":"on","_et_pb_old_content":"<!-- wp:paragraph -->\n<p>Un bel article sur Energie Boxe dans Le Journal de L\u00e9vis ! Quelle fiert\u00e9 ! Venez vivre l\u2019exp\u00e9rience \u00c9nergie Boxe \u2026 joignez-vous \u00e0 nous pour un cours. Vous y prendrez go\u00fbt !<\/p>\n<!-- \/wp:paragraph -->\n\n<!-- wp:paragraph -->\n<p><strong>Apr\u00e8s son d\u00e9part de L\u00e9vis il y a quatre ans de cela, le club de boxe Energybox est officiellement de retour sur le territoire L\u00e9visien depuis le mois d\u2019ao\u00fbt.<\/strong><\/p>\n<!-- \/wp:paragraph -->\n\n<!-- wp:paragraph -->\n<p>Rappelons d\u2019embl\u00e9e qu\u2019\u00e0 pareille date en 2020, le fondateur d\u2019Energybox, Beno\u00eet Martel, avait annonc\u00e9 que le club l\u00e9visien fond\u00e9 en 2007 d\u00e9m\u00e9nageait ses p\u00e9nates sur la Rive-Nord. Effectivement, apr\u00e8s 13 ans ici, Beno\u00eet Martel s\u2019\u00e9tait associ\u00e9 au club de boxe du Colis\u00e9e de Loretteville.<\/p>\n<!-- \/wp:paragraph -->\n\n<!-- wp:paragraph -->\n<p><strong>L\u2019offre, la demande et la r\u00e9ponse<\/strong><\/p>\n<!-- \/wp:paragraph -->\n\n<!-- wp:paragraph -->\n<p>Voil\u00e0 finalement que ce dernier, accompagn\u00e9 de ses deux associ\u00e9s, Fran\u00e7ois Linteau et Eric Dallaire, a pris la d\u00e9cision de r\u00e9ouvrir ses portes \u00e0 L\u00e9vis. Situ\u00e9 au 2044, 3e rue \u00e0 Saint-Romuald, Energybox L\u00e9vis a officiellement lanc\u00e9 ses activit\u00e9s \u00e0 la mi-ao\u00fbt.<\/p>\n<!-- \/wp:paragraph -->\n\n<!-- wp:buttons -->\n<div class=\"wp-block-buttons\"><!-- wp:button -->\n<div class=\"wp-block-button\"><a class=\"wp-block-button__link wp-element-button\" href=\"https:\/\/www.journaldelevis.com\/jdl\/109\/Energybox_de_retour_%C3%A0_L%C3%A9vis.html?id=40280\">Lire l'article<\/a><\/div>\n<!-- \/wp:button --><\/div>\n<!-- \/wp:buttons -->","_et_gb_content_width":"","footnotes":""},"categories":[14],"tags":[],"class_list":["post-94","post","type-post","status-publish","format-standard","has-post-thumbnail","hentry","category-on-parle-de-nous"],"_links":{"self":[{"href":"https:\/\/www.energieboxe.ca\/index.php\/wp-json\/wp\/v2\/posts\/94","targetHints":{"allow":["GET"]}}],"collection":[{"href":"https:\/\/www.energieboxe.ca\/index.php\/wp-json\/wp\/v2\/posts"}],"about":[{"href":"https:\/\/www.energieboxe.ca\/index.php\/wp-json\/wp\/v2\/types\/post"}],"author":[{"embeddable":true,"href":"https:\/\/www.energieboxe.ca\/index.php\/wp-json\/wp\/v2\/users\/1"}],"replies":[{"embeddable":true,"href":"https:\/\/www.energieboxe.ca\/index.php\/wp-json\/wp\/v2\/comments?post=94"}],"version-history":[{"count":4,"href":"https:\/\/www.energieboxe.ca\/index.php\/wp-json\/wp\/v2\/posts\/94\/revisions"}],"predecessor-version":[{"id":419,"href":"https:\/\/www.energieboxe.ca\/index.php\/wp-json\/wp\/v2\/posts\/94\/revisions\/419"}],"wp:featuredmedia":[{"embeddable":true,"href":"https:\/\/www.energieboxe.ca\/index.php\/wp-json\/wp\/v2\/media\/413"}],"wp:attachment":[{"href":"https:\/\/www.energieboxe.ca\/index.php\/wp-json\/wp\/v2\/media?parent=94"}],"wp:term":[{"taxonomy":"category","embeddable":true,"href":"https:\/\/www.energieboxe.ca\/index.php\/wp-json\/wp\/v2\/categories?post=94"},{"taxonomy":"post_tag","embeddable":true,"href":"https:\/\/www.energieboxe.ca\/index.php\/wp-json\/wp\/v2\/tags?post=94"}],"curies":[{"name":"wp","href":"https:\/\/api.w.org\/{rel}","templated":true}]}}